{"id":790,"date":"2021-09-22T09:30:45","date_gmt":"2021-09-22T09:30:45","guid":{"rendered":"https:\/\/ssm337.com\/blog\/?p=790"},"modified":"2021-09-22T09:30:47","modified_gmt":"2021-09-22T09:30:47","slug":"pag-2021-2022","status":"publish","type":"post","link":"https:\/\/ssm337.com\/blog\/2021\/09\/22\/pag-2021-2022\/","title":{"rendered":"Fin de semana de PAG"},"content":{"rendered":"\n<p>\u00a1Hola a tod@s!<\/p>\n\n\n\n<p>Durante este fin de semana, desde el viernes 17 de septiembre, el <em>Kraal<\/em> del Grupo Scout San Miguel se ha reunido en la Escuela Castilla para programar el funcionamiento del Grupo durante la Ronda 2021-22. A esto lo conocemos como PAG, que significa Programaci\u00f3n Anual del Grupo.<\/p>\n\n\n\n<figure class=\"wp-block-image size-large\"><img data-recalc-dims=\"1\" loading=\"lazy\" decoding=\"async\" width=\"800\" height=\"600\" src=\"https:\/\/i0.wp.com\/ssm337.com\/blog\/wp-content\/uploads\/2021\/09\/WhatsApp-Image-2021-09-18-at-16.35.131-2.jpeg?resize=800%2C600&#038;ssl=1\" alt=\"\" class=\"wp-image-799\" srcset=\"https:\/\/i0.wp.com\/ssm337.com\/blog\/wp-content\/uploads\/2021\/09\/WhatsApp-Image-2021-09-18-at-16.35.131-2.jpeg?resize=1024%2C768&amp;ssl=1 1024w, https:\/\/i0.wp.com\/ssm337.com\/blog\/wp-content\/uploads\/2021\/09\/WhatsApp-Image-2021-09-18-at-16.35.131-2.jpeg?resize=300%2C225&amp;ssl=1 300w, https:\/\/i0.wp.com\/ssm337.com\/blog\/wp-content\/uploads\/2021\/09\/WhatsApp-Image-2021-09-18-at-16.35.131-2.jpeg?resize=768%2C576&amp;ssl=1 768w, https:\/\/i0.wp.com\/ssm337.com\/blog\/wp-content\/uploads\/2021\/09\/WhatsApp-Image-2021-09-18-at-16.35.131-2.jpeg?resize=1536%2C1152&amp;ssl=1 1536w, https:\/\/i0.wp.com\/ssm337.com\/blog\/wp-content\/uploads\/2021\/09\/WhatsApp-Image-2021-09-18-at-16.35.131-2.jpeg?w=1600&amp;ssl=1 1600w\" sizes=\"auto, (max-width: 800px) 100vw, 800px\" \/><figcaption>Parte del Kraal durante el PAG.<\/figcaption><\/figure>\n\n\n\n<p>Durante estos tres d\u00edas, hemos fijado los principales objetivos a alcanzar durante toda esta ronda, analizando a fondo la situaci\u00f3n de cada una de las Unidades, as\u00ed como las dificultades que prevemos para estos meses. Con todo ello, queremos preparar la Ronda lo mejor que podamos para poder llevar a cabo nuestro objetivo fundamental: <strong>educar de manera no formal<\/strong> a nuestros educandos; todo ello de una manera que sea atractiva y entretenida.<\/p>\n\n\n\n<figure class=\"wp-block-image size-large\"><img data-recalc-dims=\"1\" loading=\"lazy\" decoding=\"async\" width=\"768\" height=\"1024\" src=\"https:\/\/i0.wp.com\/ssm337.com\/blog\/wp-content\/uploads\/2021\/09\/WhatsApp-Image-2021-09-18-at-16.35.13-1.jpeg?resize=768%2C1024&#038;ssl=1\" alt=\"\" class=\"wp-image-798\" srcset=\"https:\/\/i0.wp.com\/ssm337.com\/blog\/wp-content\/uploads\/2021\/09\/WhatsApp-Image-2021-09-18-at-16.35.13-1.jpeg?resize=768%2C1024&amp;ssl=1 768w, https:\/\/i0.wp.com\/ssm337.com\/blog\/wp-content\/uploads\/2021\/09\/WhatsApp-Image-2021-09-18-at-16.35.13-1.jpeg?resize=225%2C300&amp;ssl=1 225w, https:\/\/i0.wp.com\/ssm337.com\/blog\/wp-content\/uploads\/2021\/09\/WhatsApp-Image-2021-09-18-at-16.35.13-1.jpeg?resize=1152%2C1536&amp;ssl=1 1152w, https:\/\/i0.wp.com\/ssm337.com\/blog\/wp-content\/uploads\/2021\/09\/WhatsApp-Image-2021-09-18-at-16.35.13-1.jpeg?w=1200&amp;ssl=1 1200w\" sizes=\"auto, (max-width: 768px) 100vw, 768px\" \/><figcaption>Kraal del grupo en pleno consejo.<\/figcaption><\/figure>\n\n\n\n<p>Esperamos de todo coraz\u00f3n que esta Ronda, con las dificultades que presenta, salga tal y como planeamos; y que esto sea del agrado de todos los miembros del Grupo Scout San Miguel: educandos, educadores y familias.<\/p>\n\n\n\n<p>Buena caza y largas lunas. Y un fuerte apret\u00f3n de mano izquierda de parte de todos los miembros del <em>Kraal<\/em>.<\/p>\n","protected":false},"excerpt":{"rendered":"<p>\u00a1Hola a tod@s! Durante este fin de semana, desde el viernes 17 de septiembre, el Kraal del Grupo Scout San Miguel se ha reunido en la Escuela Castilla para programar <a class=\"more-link\" href=\"https:\/\/ssm337.com\/blog\/2021\/09\/22\/pag-2021-2022\/\">Continue Reading \u2192<\/a><\/p>\n","protected":false},"author":17,"featured_media":799,"comment_status":"open","ping_status":"open","sticky":false,"template":"","format":"standard","meta":{"_jetpack_memberships_contains_paid_content":false,"footnotes":"","jetpack_publicize_message":"Este fin de semana el Kraal del Grupo ha llevado a cabo el PAG. \u00bfQuieres saber qu\u00e9 es esto? L\u00e9elo aqu\u00ed ->","jetpack_publicize_feature_enabled":true,"jetpack_social_post_already_shared":true,"jetpack_social_options":{"image_generator_settings":{"template":"highway","default_image_id":0,"font":"","enabled":false},"version":2}},"categories":[101],"tags":[98,36,100,97,99],"class_list":["post-790","post","type-post","status-publish","format-standard","has-post-thumbnail","hentry","category-kraal","tag-escuela-castilla","tag-grupo","tag-kraal","tag-pag","tag-programacion"],"jetpack_publicize_connections":[],"jetpack_featured_media_url":"https:\/\/i0.wp.com\/ssm337.com\/blog\/wp-content\/uploads\/2021\/09\/WhatsApp-Image-2021-09-18-at-16.35.131-2.jpeg?fit=1600%2C1200&ssl=1","jetpack_sharing_enabled":true,"_links":{"self":[{"href":"https:\/\/ssm337.com\/blog\/wp-json\/wp\/v2\/posts\/790","targetHints":{"allow":["GET"]}}],"collection":[{"href":"https:\/\/ssm337.com\/blog\/wp-json\/wp\/v2\/posts"}],"about":[{"href":"https:\/\/ssm337.com\/blog\/wp-json\/wp\/v2\/types\/post"}],"author":[{"embeddable":true,"href":"https:\/\/ssm337.com\/blog\/wp-json\/wp\/v2\/users\/17"}],"replies":[{"embeddable":true,"href":"https:\/\/ssm337.com\/blog\/wp-json\/wp\/v2\/comments?post=790"}],"version-history":[{"count":16,"href":"https:\/\/ssm337.com\/blog\/wp-json\/wp\/v2\/posts\/790\/revisions"}],"predecessor-version":[{"id":811,"href":"https:\/\/ssm337.com\/blog\/wp-json\/wp\/v2\/posts\/790\/revisions\/811"}],"wp:featuredmedia":[{"embeddable":true,"href":"https:\/\/ssm337.com\/blog\/wp-json\/wp\/v2\/media\/799"}],"wp:attachment":[{"href":"https:\/\/ssm337.com\/blog\/wp-json\/wp\/v2\/media?parent=790"}],"wp:term":[{"taxonomy":"category","embeddable":true,"href":"https:\/\/ssm337.com\/blog\/wp-json\/wp\/v2\/categories?post=790"},{"taxonomy":"post_tag","embeddable":true,"href":"https:\/\/ssm337.com\/blog\/wp-json\/wp\/v2\/tags?post=790"}],"curies":[{"name":"wp","href":"https:\/\/api.w.org\/{rel}","templated":true}]}}