{"id":45,"date":"2017-01-15T17:14:00","date_gmt":"2017-01-15T17:14:00","guid":{"rendered":"http:\/\/ssm337.com\/blog\/?p=45"},"modified":"2017-04-28T20:46:51","modified_gmt":"2017-04-28T20:46:51","slug":"bienvenidos-al-nuevo-blog-del-grupo-san-miguel","status":"publish","type":"post","link":"https:\/\/ssm337.com\/blog\/2017\/01\/15\/bienvenidos-al-nuevo-blog-del-grupo-san-miguel\/","title":{"rendered":"Bienvenidos al nuevo blog del Grupo San Miguel"},"content":{"rendered":"<p>Despu\u00e9s de alg\u00fan tiempo inactiva, nuestra p\u00e1gina web estaba pidiendo a gritos una renovaci\u00f3n con una imagen m\u00e1s agradable y que hiciese m\u00e1s f\u00e1cil la participaci\u00f3n y la comunicaci\u00f3n del toda la comunidad del Grupo Scout San Miguel.<\/p>\n<p>\u00c9sta es nuestra nueva propuesta: el blog del grupo. Aqu\u00ed iremos colgando noticias de nuestras actividades pasadas y futuras y todos tendr\u00e9is la posibilidad de comentarlas. Las entradas que ir\u00e1n apareciendo estar\u00e1n escritas principalmente por los reporteros designados por cada unidad, pero el blog estar\u00e1 siempre abierto a la participaci\u00f3n de cualquier miembro de nuestra comunidad: scout (del pasado o del presente), padre, colaborador&#8230; Para enviar una entrada s\u00f3lo hay que ponerse en contacto con alguno de los scouters del grupo.<\/p>\n<p>\u00c9ste es un nuevo espacio en el que expresarse con confianza y libertad. El \u00fanico l\u00edmite (adem\u00e1s del espacio de almacenamiento -:) ) es la libertad de los dem\u00e1s, lo que, en la \u00abnube\u00bb, corresponde al respeto a las personas y sus valores.<\/p>\n<p>Esta Ronda Solar va a ser la cuadrag\u00e9simo quinta (45) y hay vamos a celebrarlo. Os iremos poniendo al corriente de lo que estamos planeando para que todos pod\u00e1is participar.<\/p>\n<p>&nbsp;<\/p>\n<p>\u00a1Buena caza!<\/p>\n","protected":false},"excerpt":{"rendered":"<p>Despu\u00e9s de alg\u00fan tiempo inactiva, nuestra p\u00e1gina web estaba pidiendo a gritos una renovaci\u00f3n con una imagen m\u00e1s agradable y que hiciese m\u00e1s f\u00e1cil la participaci\u00f3n y la comunicaci\u00f3n del <a class=\"more-link\" href=\"https:\/\/ssm337.com\/blog\/2017\/01\/15\/bienvenidos-al-nuevo-blog-del-grupo-san-miguel\/\">Continue Reading \u2192<\/a><\/p>\n","protected":false},"author":4,"featured_media":0,"comment_status":"open","ping_status":"open","sticky":false,"template":"","format":"standard","meta":{"_jetpack_memberships_contains_paid_content":false,"footnotes":"","jetpack_publicize_message":"","jetpack_publicize_feature_enabled":true,"jetpack_social_post_already_shared":true,"jetpack_social_options":{"image_generator_settings":{"template":"highway","default_image_id":0,"font":"","enabled":false},"version":2}},"categories":[10],"tags":[35,36],"class_list":["post-45","post","type-post","status-publish","format-standard","hentry","category-grupo","tag-blog","tag-grupo"],"jetpack_publicize_connections":[],"jetpack_featured_media_url":"","jetpack_sharing_enabled":true,"_links":{"self":[{"href":"https:\/\/ssm337.com\/blog\/wp-json\/wp\/v2\/posts\/45","targetHints":{"allow":["GET"]}}],"collection":[{"href":"https:\/\/ssm337.com\/blog\/wp-json\/wp\/v2\/posts"}],"about":[{"href":"https:\/\/ssm337.com\/blog\/wp-json\/wp\/v2\/types\/post"}],"author":[{"embeddable":true,"href":"https:\/\/ssm337.com\/blog\/wp-json\/wp\/v2\/users\/4"}],"replies":[{"embeddable":true,"href":"https:\/\/ssm337.com\/blog\/wp-json\/wp\/v2\/comments?post=45"}],"version-history":[{"count":1,"href":"https:\/\/ssm337.com\/blog\/wp-json\/wp\/v2\/posts\/45\/revisions"}],"predecessor-version":[{"id":47,"href":"https:\/\/ssm337.com\/blog\/wp-json\/wp\/v2\/posts\/45\/revisions\/47"}],"wp:attachment":[{"href":"https:\/\/ssm337.com\/blog\/wp-json\/wp\/v2\/media?parent=45"}],"wp:term":[{"taxonomy":"category","embeddable":true,"href":"https:\/\/ssm337.com\/blog\/wp-json\/wp\/v2\/categories?post=45"},{"taxonomy":"post_tag","embeddable":true,"href":"https:\/\/ssm337.com\/blog\/wp-json\/wp\/v2\/tags?post=45"}],"curies":[{"name":"wp","href":"https:\/\/api.w.org\/{rel}","templated":true}]}}