{"id":352,"date":"2019-11-03T23:48:19","date_gmt":"2019-11-03T23:48:19","guid":{"rendered":"https:\/\/ssm337.com\/blog\/?p=352"},"modified":"2021-09-28T21:42:38","modified_gmt":"2021-09-28T19:42:38","slug":"clan-acampada-de-otono-2019","status":"publish","type":"post","link":"https:\/\/ssm337.com\/blog\/2019\/11\/03\/clan-acampada-de-otono-2019\/","title":{"rendered":"Clan: acampada de oto\u00f1o 2019"},"content":{"rendered":"\n<div class=\"wp-block-image\"><figure class=\"alignleft is-resized\"><img data-recalc-dims=\"1\" loading=\"lazy\" decoding=\"async\" src=\"https:\/\/i0.wp.com\/ssm337.com\/blog\/wp-content\/uploads\/2019\/11\/photo5888560636135322111.jpg?resize=286%2C214&#038;ssl=1\" alt=\"Disfrutando del entorno de Tremaya.\" class=\"wp-image-351\" width=\"286\" height=\"214\" srcset=\"https:\/\/i0.wp.com\/ssm337.com\/blog\/wp-content\/uploads\/2019\/11\/photo5888560636135322111.jpg?resize=1024%2C769&amp;ssl=1 1024w, https:\/\/i0.wp.com\/ssm337.com\/blog\/wp-content\/uploads\/2019\/11\/photo5888560636135322111.jpg?resize=300%2C225&amp;ssl=1 300w, https:\/\/i0.wp.com\/ssm337.com\/blog\/wp-content\/uploads\/2019\/11\/photo5888560636135322111.jpg?resize=768%2C577&amp;ssl=1 768w, https:\/\/i0.wp.com\/ssm337.com\/blog\/wp-content\/uploads\/2019\/11\/photo5888560636135322111.jpg?w=1280&amp;ssl=1 1280w\" sizes=\"auto, (max-width: 286px) 100vw, 286px\" \/><figcaption>Otra parte del Clan se qued\u00f3 en los alrededores de Tremaya, recogiendo le\u00f1a y realizando otras actividades. De izquierda a derecha, Miret, Arturo, Pablo, Paloma, Julio (de espaldas) y Paula.<\/figcaption><\/figure><\/div>\n\n\n\n<p>El Clan Primakanaui eligi\u00f3 el Albergue de Tremaya (La Pern\u00eda, Palencia), para realizar su primera acampada del a\u00f1o. Para la mayor\u00eda, fue su primera acampada como rover (a\u00fan est\u00e1n enter\u00e1ndose de qu\u00e9 es eso&#8230;) pero se lo pasaron tan bien como en Escultas. Eso s\u00ed: nuevos scouters, actividades diferentes, con objetivos m\u00e1s ambiciosos&#8230;<\/p>\n\n\n\n<p> Pasamos dos d\u00edas y una noche con muy buen tiempo despu\u00e9s de una semana bastante lluviosa. El albergue es muy acogedor, especialmente si se hace fuego, con mesas grandes para comer todos juntos, jugar y hacer muchas actividades. La \u00fanica pega que tiene es que no haya transporte p\u00fablico, como en la mayor\u00eda de los pueblos de la zona, que van qued\u00e1ndose despoblados. No se sabe si fue antes el abandono o la despoblaci\u00f3n, pero ambos van de la mano. Para nosotros eso supone tener que pedir la colaboraci\u00f3n de los padres que nos llevan en sus coches a la ida y a la vuelta (\u00a1gracias, sin vosotros no ser\u00eda posible!) y sentimos que quiz\u00e1 contaminamos m\u00e1s de lo que deber\u00edamos.<\/p>\n\n\n\n<figure class=\"wp-block-image\"><img data-recalc-dims=\"1\" loading=\"lazy\" decoding=\"async\" width=\"800\" height=\"600\" src=\"https:\/\/i0.wp.com\/ssm337.com\/blog\/wp-content\/uploads\/2019\/11\/photo5888560636135322041.jpg?resize=800%2C600&#038;ssl=1\" alt=\"Cumbre de Pe\u00f1a Abismo, 26 de Octubre del 2019\" class=\"wp-image-350\" srcset=\"https:\/\/i0.wp.com\/ssm337.com\/blog\/wp-content\/uploads\/2019\/11\/photo5888560636135322041.jpg?resize=1024%2C768&amp;ssl=1 1024w, https:\/\/i0.wp.com\/ssm337.com\/blog\/wp-content\/uploads\/2019\/11\/photo5888560636135322041.jpg?resize=300%2C225&amp;ssl=1 300w, https:\/\/i0.wp.com\/ssm337.com\/blog\/wp-content\/uploads\/2019\/11\/photo5888560636135322041.jpg?resize=768%2C576&amp;ssl=1 768w, https:\/\/i0.wp.com\/ssm337.com\/blog\/wp-content\/uploads\/2019\/11\/photo5888560636135322041.jpg?w=1280&amp;ssl=1 1280w\" sizes=\"auto, (max-width: 800px) 100vw, 800px\" \/><figcaption>Parte del Clan recorri\u00f3 una ruta que les llev\u00f3 a Pe\u00f1a Abismo y al chozo de Santa Mar\u00eda de Redondo. En la foto de la cumbre de Pe\u00f1a Abismo est\u00e1n, de izquierda a derecha, Juan, Jaime, Pedro y Alonso. Al fondo, el Bistruey y los Picos de Europa con las primeras nieves.<\/figcaption><\/figure>\n\n\n\n<p><\/p>\n","protected":false},"excerpt":{"rendered":"<p>El Clan Primakanaui eligi\u00f3 el Albergue de Tremaya (La Pern\u00eda, Palencia), para realizar su primera acampada del a\u00f1o. Para la mayor\u00eda, fue su primera acampada como rover (a\u00fan est\u00e1n enter\u00e1ndose <a class=\"more-link\" href=\"https:\/\/ssm337.com\/blog\/2019\/11\/03\/clan-acampada-de-otono-2019\/\">Continue Reading \u2192<\/a><\/p>\n","protected":false},"author":4,"featured_media":0,"comment_status":"open","ping_status":"open","sticky":false,"template":"","format":"standard","meta":{"_jetpack_memberships_contains_paid_content":false,"footnotes":"","jetpack_publicize_message":"","jetpack_publicize_feature_enabled":true,"jetpack_social_post_already_shared":true,"jetpack_social_options":{"image_generator_settings":{"template":"highway","default_image_id":0,"font":"","enabled":false},"version":2}},"categories":[51,7],"tags":[44,43,26],"class_list":["post-352","post","type-post","status-publish","format-standard","hentry","category-clan","category-rovers","tag-albergue-de-tremaya","tag-clan","tag-rovers"],"jetpack_publicize_connections":[],"jetpack_featured_media_url":"","jetpack_sharing_enabled":true,"_links":{"self":[{"href":"https:\/\/ssm337.com\/blog\/wp-json\/wp\/v2\/posts\/352","targetHints":{"allow":["GET"]}}],"collection":[{"href":"https:\/\/ssm337.com\/blog\/wp-json\/wp\/v2\/posts"}],"about":[{"href":"https:\/\/ssm337.com\/blog\/wp-json\/wp\/v2\/types\/post"}],"author":[{"embeddable":true,"href":"https:\/\/ssm337.com\/blog\/wp-json\/wp\/v2\/users\/4"}],"replies":[{"embeddable":true,"href":"https:\/\/ssm337.com\/blog\/wp-json\/wp\/v2\/comments?post=352"}],"version-history":[{"count":5,"href":"https:\/\/ssm337.com\/blog\/wp-json\/wp\/v2\/posts\/352\/revisions"}],"predecessor-version":[{"id":359,"href":"https:\/\/ssm337.com\/blog\/wp-json\/wp\/v2\/posts\/352\/revisions\/359"}],"wp:attachment":[{"href":"https:\/\/ssm337.com\/blog\/wp-json\/wp\/v2\/media?parent=352"}],"wp:term":[{"taxonomy":"category","embeddable":true,"href":"https:\/\/ssm337.com\/blog\/wp-json\/wp\/v2\/categories?post=352"},{"taxonomy":"post_tag","embeddable":true,"href":"https:\/\/ssm337.com\/blog\/wp-json\/wp\/v2\/tags?post=352"}],"curies":[{"name":"wp","href":"https:\/\/api.w.org\/{rel}","templated":true}]}}